{"id":7403,"date":"2024-05-30T10:15:49","date_gmt":"2024-05-30T08:15:49","guid":{"rendered":"https:\/\/monopolitourism.com\/?p=7403"},"modified":"2024-06-05T15:20:23","modified_gmt":"2024-06-05T13:20:23","slug":"dal-16-al-21-giugno-al-porto-vecchio-prospero-fest","status":"publish","type":"post","link":"https:\/\/monopolitourism.com\/en\/2024\/05\/30\/dal-16-al-21-giugno-al-porto-vecchio-prospero-fest\/","title":{"rendered":"From June 16 &#8211; 21 &#8220;Prospero Fest&#8221; takes place at the Old Port (Porto Vecchio)"},"content":{"rendered":"<p><strong>Prospero Fest<\/strong>, the event promoted by the <strong>Department of Culture of the Municipality of Monopoli<\/strong>, to be held from <strong>16 to 21 June 2024<\/strong> at the old port of Monopoli (free admission), celebrates its 6th edition with 11 meetings with authors and a programme full of guests.<\/p>\n<p>On Sunday <strong>16 June<\/strong> at <strong>7pm<\/strong>, <strong>Francesco Giorgino<\/strong>, Director of the Rai Studies Office will open the festival with a conversation titled <strong>\u201cInformation in the Digital Era: How Communication is Changing,\u201d<\/strong> dedicated to the present and future of the media world, the risks associated with fake news, and the new face of communication, which are increasingly remote and increasingly silent. <strong>Mario Valentino<\/strong> will engage in dialogue with the author. Following this at <strong>9pm<\/strong> will be the presentation of the book <strong>\u201cIsrael and the Palestinians in a Few Words\u201d<\/strong> with journalist and writer <strong>Marco Travaglio:<\/strong> a clear and neutral reconstruction of the history of the conflict that has disrupted the populations of the Middle East for centuries and has become strikingly relevant again in recent months. The discussion will be moderated by <strong>Sergio Rizzo<\/strong>.<\/p>\n<p>Writer <strong>Luca Bianchini<\/strong> will open the events of Monday<strong> 17 June<\/strong> at <strong>7pm<\/strong> with the presentation of his book <strong>\u2018Il cuore \u00e8 uno zingaro\u2019 (The heart is a gypsy),<\/strong> a compelling novel set between Polignano and Alto Adige that narrates the misadventures of Marshal Gino Clemente, who transferred from his beloved Puglia to Bressanone. Bianchini will dialogue with author <strong>Manuela Lenoci<\/strong>. At 9pm there will be the presentation of journalist <strong>Lino Patruno<\/strong>&#8216;s book \u2018Learn from the South. A development lesson to Italy&#8217;, an analysis of the South&#8217;s ability to do more with less, proving to be a solution and not a problem. Moderator: Viviana Tanzariello.<\/p>\n<p>On Tuesday <strong>18 June<\/strong> at <strong>7pm<\/strong> there will be the presentation of the book <strong>&#8220;I&#8217;m still waiting for someone to apologize to me&#8221;<\/strong> by philosopher and writer <strong>Michela Marzano<\/strong>, who will discuss the effects of the #metoo movement and the courage of women to report the violence they have suffered. Dialogue with the author <strong>Loredana Ratti<\/strong>. At 9pm former magistrate<strong> Gherardo Colombo<\/strong> presents <strong>\u201cAnti-Constitution. How we have rewritten (for the worse) the principles of our society&#8221;<\/strong>, with which the author provocatively reinterprets some of the main articles of our constitutional charter. Moderated by <strong>Giancarlo Fiume<\/strong>.<\/p>\n<p>On Wednesday <strong>19 June<\/strong> at<strong> 7pm<\/strong> there will be the presentation of the book <strong>&#8220;Inside the palace. What really happens in the halls of power&#8221;<\/strong> with the Italian economist and politician <strong>Carlo Cottarelli<\/strong> who gives a snapshot of our institutions and tells, with irony and anecdotes, what really happens in the palaces of power. Dialogue with the author Stefania Allegretti. Afterwards, at <strong>9pm<\/strong>, the philosopher <strong>Umberto Galimberti<\/strong> will entertain the Prospero Fest audience with a lectio magistralis entitled<strong> &#8220;In dialogue with Plato on the things of love&#8221;<\/strong>. Introduced by <strong>Alessandra Dalena<\/strong>.<\/p>\n<p>On Thursday<strong> 20 June<\/strong> at <strong>7pm<\/strong>, the Chief Prosecutor of the Palermo Prosecutor&#8217;s Office, <strong>Maurizio De Lucia<\/strong> will be at the Prospero Fest to present the book<strong> &#8220;The Capture. The Mysteries of Matteo Messina Denaro and the Changing Mafia,&#8221;<\/strong> a firsthand account of the arrest of the mafia boss and an investigation into the secrets of the mafia, both past and present. The author will be in conversation with <strong>Mario Valentino<\/strong>.<\/p>\n<p>On Friday <strong>21 June<\/strong> at <strong>7pm<\/strong>, doctor and writer <strong>Andrea Vitali<\/strong> will present the book<strong> &#8220;His Excellency Loses a Piece. The Cases of Marshal Ernesto Maccad\u00f2,&#8221;<\/strong> a new story in the literary series dedicated to the adventures of the now well-known Marshal Maccad\u00f2. The author will be in conversation with Maria Grazia Palazzo. The conference will conclude at <strong>9pm<\/strong> with the presentation of the book by writer and professor <strong>Stefano Zecchi<\/strong> titled<strong> &#8220;In the Name of Love. The Many Forms of an Ancient and Mysterious Feeling,&#8221;<\/strong> reflecting on the nature of the most fascinating and contradictory sentiment. The discussion will be moderated by <strong>Giacomo Fronzi<\/strong>.<\/p>\n<!-- Begin Yuzo --><div class='yuzo_related_post style-2'  data-version='5.12.82'><!-- without result --><div class='yuzo_clearfixed yuzo__title yuzo__title'><h4>Potrebbe interessarti...<\/h4><\/div>\n\t\t\t\t\t\t<div class=\"relatedthumb yuzo-list  \" style=\"\"  >  \n\t\t\t\t\t\t  <a  href=\"https:\/\/monopolitourism.com\/en\/2016\/05\/04\/luglio-2016-vite-rupestri-narrazioni-dal-passato\/\" class=\"image-list\"  >\n\t\t\t\t\t\t  <div class=\"yuzo-img-wrap  ilen_shine \" style=\"width: 165px;height:130px;\">\n\t\t\t\t\t\t\t\t\t <span class='shine-effect'><\/span> \n\t\t\t\t\t\t\t\t\t <div class=\"yuzo-img\" style=\"background:url('https:\/\/monopolitourism.com\/wp-content\/uploads\/2016\/05\/vite-rupestri-site-300x200.jpg') 50% 50% no-repeat;width: 170px;height:130px;margin-bottom: 5px;background-size:  cover;  \"><\/div>\n\t\t\t\t\t\t  <\/div>\n\t\t\t\t\t\t  <\/a>\n\t\t\t\t\t\t  <a  class=\"link-list yuzo__text--title\" href=\"https:\/\/monopolitourism.com\/en\/2016\/05\/04\/luglio-2016-vite-rupestri-narrazioni-dal-passato\/\" style=\"font-size:16px;font-weight:bold;;line-height:24px;\"> Luglio 2016 \u2013 \u201cVite Rupestri\u201d Na...  <\/a>\n\t\t\t\t\t\t\t\t<span class=\"yuzo_text\" style=\"font-size:12px;\" >Programma degli eventi luglio \u201916\r\n\r\nSi intitola \u201cVite rupestri \u2013 narrazioni dal passato\u201d , il progetto culturale che scommette sulla valorizzazione delle chiese rupestri locali e sulla destagionalizzazione turistica. Arte visive, musica, teatro, incontri e cultura. Sono questi alcuni degli \u201cingredienti\u201d di una progettualit\u00e0 che coinvolge anche le ...<\/span>\n\t\t\t\t\t\t   \n\t\t\t\t\t\t<\/div>\n\t\t\t\t\t\t<div class=\"relatedthumb yuzo-list  \" style=\"\"  >  \n\t\t\t\t\t\t  <a  href=\"https:\/\/monopolitourism.com\/en\/2021\/06\/09\/phest-2020-tuning-the-dawn\/\" class=\"image-list\"  >\n\t\t\t\t\t\t  <div class=\"yuzo-img-wrap  ilen_shine \" style=\"width: 165px;height:130px;\">\n\t\t\t\t\t\t\t\t\t <span class='shine-effect'><\/span> \n\t\t\t\t\t\t\t\t\t <div class=\"yuzo-img\" style=\"background:url('https:\/\/www.monopolitourism.com\/wp-content\/plugins\/yuzo-related-post\/assets\/images\/default.png') 50% 50% no-repeat;width: 170px;height:130px;margin-bottom: 5px;background-size:  cover;  \"><\/div>\n\t\t\t\t\t\t  <\/div>\n\t\t\t\t\t\t  <\/a>\n\t\t\t\t\t\t  <a  class=\"link-list yuzo__text--title\" href=\"https:\/\/monopolitourism.com\/en\/2021\/06\/09\/phest-2020-tuning-the-dawn\/\" style=\"font-size:16px;font-weight:bold;;line-height:24px;\"> PhEST 2020 \u2013 Tuning The Dawn  <\/a>\n\t\t\t\t\t\t\t\t<span class=\"yuzo_text\" style=\"font-size:12px;\" ><\/span>\n\t\t\t\t\t\t   \n\t\t\t\t\t\t<\/div>\n\t\t\t\t\t\t<div class=\"relatedthumb yuzo-list  \" style=\"\"  >  \n\t\t\t\t\t\t  <a  href=\"https:\/\/monopolitourism.com\/en\/2019\/09\/09\/costa-dei-trulli-festival-after-movie-ii-edizione-2019\/\" class=\"image-list\"  >\n\t\t\t\t\t\t  <div class=\"yuzo-img-wrap  ilen_shine \" style=\"width: 165px;height:130px;\">\n\t\t\t\t\t\t\t\t\t <span class='shine-effect'><\/span> \n\t\t\t\t\t\t\t\t\t <div class=\"yuzo-img\" style=\"background:url('https:\/\/www.monopolitourism.com\/wp-content\/plugins\/yuzo-related-post\/assets\/images\/default.png') 50% 50% no-repeat;width: 170px;height:130px;margin-bottom: 5px;background-size:  cover;  \"><\/div>\n\t\t\t\t\t\t  <\/div>\n\t\t\t\t\t\t  <\/a>\n\t\t\t\t\t\t  <a  class=\"link-list yuzo__text--title\" href=\"https:\/\/monopolitourism.com\/en\/2019\/09\/09\/costa-dei-trulli-festival-after-movie-ii-edizione-2019\/\" style=\"font-size:16px;font-weight:bold;;line-height:24px;\"> Costa dei Trulli Festival \u2013 After Movie &#82...  <\/a>\n\t\t\t\t\t\t\t\t<span class=\"yuzo_text\" style=\"font-size:12px;\" ><\/span>\n\t\t\t\t\t\t   \n\t\t\t\t\t\t<\/div>\n\t\t\t\t\t\t<div class=\"relatedthumb yuzo-list  \" style=\"\"  >  \n\t\t\t\t\t\t  <a  href=\"https:\/\/monopolitourism.com\/en\/2016\/05\/04\/21-22-luglio-street-art\/\" class=\"image-list\"  >\n\t\t\t\t\t\t  <div class=\"yuzo-img-wrap  ilen_shine \" style=\"width: 165px;height:130px;\">\n\t\t\t\t\t\t\t\t\t <span class='shine-effect'><\/span> \n\t\t\t\t\t\t\t\t\t <div class=\"yuzo-img\" style=\"background:url('https:\/\/monopolitourism.com\/wp-content\/uploads\/2016\/05\/street-art-300x200.jpg') 50% 50% no-repeat;width: 170px;height:130px;margin-bottom: 5px;background-size:  cover;  \"><\/div>\n\t\t\t\t\t\t  <\/div>\n\t\t\t\t\t\t  <\/a>\n\t\t\t\t\t\t  <a  class=\"link-list yuzo__text--title\" href=\"https:\/\/monopolitourism.com\/en\/2016\/05\/04\/21-22-luglio-street-art\/\" style=\"font-size:16px;font-weight:bold;;line-height:24px;\"> 21\/22 luglio \u2013 Street Art  <\/a>\n\t\t\t\t\t\t\t\t<span class=\"yuzo_text\" style=\"font-size:12px;\" >Street Art\r\n\r\n21\/22 luglio\u00a0\u201916\r\n\r\n\"STREET ART\" \u00e8 il titolo di un singolare, ricercato e variegtato evento che si terr\u00e0 nelle date del 21 e 22 luglio '16, a partire dalle ore 21.00 alle ore 24.00. La manifestazione coinvolger\u00e0 la centrale piazza \"Vittorio Emanuele\", sita nel cuore del murattiano della citt\u00e0, ed alcuni dei pi\u00f9 suggestivi scorci e pia...<\/span>\n\t\t\t\t\t\t   \n\t\t\t\t\t\t<\/div>\n<\/div> <style>\n\t\t\t\t\t\t.yuzo_related_post .relatedthumb { background: !important; -webkit-transition: background 0.2s linear; -moz-transition: background 0.2s linear; -o-transition: background 0.2s linear; transition: background 0.2s linear;;color:!important; }\n\t\t\t\t\t\t.yuzo_related_post .relatedthumb:hover{background:#f7f7f7 !important;color:!important;}\n\t\t\t\t\t\t.yuzo_related_post .yuzo_text {color:!important;}\n\t\t\t\t\t\t.yuzo_related_post .relatedthumb:hover .yuzo_text {color:!important;}\n\t\t\t\t\t\t.yuzo_related_post .relatedthumb a{color:!important;}\n\t\t\t\t\t\t.yuzo_related_post .relatedthumb a:hover{color:!important;}\n\t\t\t\t\t\t.yuzo_related_post .relatedthumb:hover a{ color:!important;}\n\t\t\t\t\t\t.yuzo_related_post .relatedthumb{  margin: 0px  0px  0px  0px;   padding: 20px  5px  5px  5px;  }\n\t\t\t\t\t\t.yuzo_related_post .relatedthumb{}\n\t\t\t\t\t\t<\/style>  <!-- End Yuzo :) -->","protected":false},"excerpt":{"rendered":"<p>Prospero Fest, the event promoted by the Department of Culture of the Municipality of Monopoli, to be held from 16 to&#8230;<\/p>\n","protected":false},"author":12,"featured_media":7397,"comment_status":"closed","ping_status":"closed","sticky":false,"template":"","format":"standard","meta":[],"categories":[52],"tags":[],"comune_costa_dei_trulli":[],"acf":[],"_links":{"self":[{"href":"https:\/\/monopolitourism.com\/en\/wp-json\/wp\/v2\/posts\/7403"}],"collection":[{"href":"https:\/\/monopolitourism.com\/en\/wp-json\/wp\/v2\/posts"}],"about":[{"href":"https:\/\/monopolitourism.com\/en\/wp-json\/wp\/v2\/types\/post"}],"author":[{"embeddable":true,"href":"https:\/\/monopolitourism.com\/en\/wp-json\/wp\/v2\/users\/12"}],"replies":[{"embeddable":true,"href":"https:\/\/monopolitourism.com\/en\/wp-json\/wp\/v2\/comments?post=7403"}],"version-history":[{"count":1,"href":"https:\/\/monopolitourism.com\/en\/wp-json\/wp\/v2\/posts\/7403\/revisions"}],"predecessor-version":[{"id":7404,"href":"https:\/\/monopolitourism.com\/en\/wp-json\/wp\/v2\/posts\/7403\/revisions\/7404"}],"wp:featuredmedia":[{"embeddable":true,"href":"https:\/\/monopolitourism.com\/en\/wp-json\/wp\/v2\/media\/7397"}],"wp:attachment":[{"href":"https:\/\/monopolitourism.com\/en\/wp-json\/wp\/v2\/media?parent=7403"}],"wp:term":[{"taxonomy":"category","embeddable":true,"href":"https:\/\/monopolitourism.com\/en\/wp-json\/wp\/v2\/categories?post=7403"},{"taxonomy":"post_tag","embeddable":true,"href":"https:\/\/monopolitourism.com\/en\/wp-json\/wp\/v2\/tags?post=7403"},{"taxonomy":"comune_costa_dei_trulli","embeddable":true,"href":"https:\/\/monopolitourism.com\/en\/wp-json\/wp\/v2\/comune_costa_dei_trulli?post=7403"}],"curies":[{"name":"wp","href":"https:\/\/api.w.org\/{rel}","templated":true}]}}